{"id":5673,"date":"2023-12-21T15:36:44","date_gmt":"2023-12-21T20:36:44","guid":{"rendered":"https:\/\/observatoireprocheaidance.ca\/?p=5673"},"modified":"2026-06-29T13:59:03","modified_gmt":"2026-06-29T17:59:03","slug":"2023-an-eventful-year-in-terms-of-advancing-knowledge-about-caregiving","status":"publish","type":"post","link":"https:\/\/observatoireprocheaidance.ca\/en\/2023\/12\/21\/2023-an-eventful-year-in-terms-of-advancing-knowledge-about-caregiving\/","title":{"rendered":"2023: an eventful year in terms of advancing knowledge about caregiving"},"content":{"rendered":"\n<div class=\"et_pb_section_0 et_pb_section et_section_regular et_block_section preset--group--divi-section--divi-transition--default\"><div class=\"et_pb_row_0 et_pb_row et_block_row preset--group--divi-row--divi-transition--default\"><div class=\"et_pb_column_0 et_pb_column et_pb_column_4_4 et-last-child et_block_column et_pb_css_mix_blend_mode_passthrough preset--group--divi-column--divi-transition--default\"><div class=\"et_pb_text_0 et_pb_text et_pb_bg_layout_light et_pb_module et_block_module preset--group--divi-text--divi-transition--default\"><div class=\"et_pb_text_inner\"><p><span data-contrast=\"auto\">This past year has seen significant advancement in terms of knowledge about caregiving. To wrap things up in style, we're looking back on our activities and achievements of the last few months (see the full list, below). <\/span><\/p>\n<p><span data-contrast=\"auto\">In 2023, the Observatory released several original publications that brought reliable and objective knowledge about caregiving to the fore. We also pointed up the achievements of others in the filed, notably with the launch of our Knowledge portal and our Facebook and LinkedIn pages. Lastly, we seized upon opportunities to interact with caregivers and those who support them during meetings and events. <\/span><span data-ccp-props=\"{\"> <\/span><\/p>\n<p><span data-contrast=\"auto\">It is with heartfelt gratitude that we wish a very happy holiday season to our<\/span> <span data-contrast=\"none\">p<\/span><span data-contrast=\"auto\">a<\/span><span data-contrast=\"none\">r<\/span><span data-contrast=\"auto\">tners and coll<\/span><span data-contrast=\"none\">a<\/span><span data-contrast=\"auto\">bo<\/span><span data-contrast=\"none\">ra<\/span><span data-contrast=\"auto\">tor<\/span><span data-contrast=\"none\">s<\/span><span data-contrast=\"auto\">, our readers and all those whose<\/span> <span data-contrast=\"none\">tireless efforts have helped propel caregiver support and recognition <\/span><span data-contrast=\"auto\">into the spotlight.<\/span> <span data-ccp-props=\"{\"> <\/span><\/p>\n<p><span data-contrast=\"auto\">Looking forward to seeing you in 2024! <\/span><span data-ccp-props=\"{\"> <\/span><\/p>\n<p><span data-ccp-props=\"{\"><\/span><\/p>\n<p>&nbsp;<\/p>\n<h6><b>A look back at 2023<\/b><\/h6>\n<\/div><\/div><\/div><\/div><\/div><div class=\"et_pb_section_1 et_pb_section et_section_regular et_block_section preset--group--divi-section--divi-transition--default\"><div class=\"et_pb_row_1 et_pb_row et_block_row preset--group--divi-row--divi-transition--default\"><div class=\"et_pb_column_1 et_pb_column et_pb_column_4_4 et-last-child et_block_column et_pb_css_mix_blend_mode_passthrough preset--group--divi-column--divi-transition--default\"><div class=\"et_pb_accordion_0 et_pb_accordion et_pb_module et_block_module preset--group--divi-accordion--divi-transition--default\"><div class=\"et_pb_accordion_item_0 et_pb_accordion_item et_pb_toggle et_pb_module et_pb_toggle_open et_block_module preset--group--divi-accordion-item--divi-transition--default\"><h6 class=\"et_pb_toggle_title\">February<\/h6><div class=\"et_pb_toggle_content\"><ul>\n<li><span data-contrast=\"auto\">Launch of the Observatory\u2019s <a href=\"https:\/\/www.facebook.com\/profile.php?id=100087314293812\" target=\"_blank\" rel=\"noopener\">Facebook<\/a> page. <\/span><\/li>\n<\/ul>\n<\/div><\/div><\/div><\/div><\/div><\/div><div class=\"et_pb_section_2 et_pb_section et_section_regular et_block_section preset--group--divi-section--divi-transition--default\"><div class=\"et_pb_row_2 et_pb_row et_block_row preset--group--divi-row--divi-transition--default\"><div class=\"et_pb_column_2 et_pb_column et_pb_column_4_4 et-last-child et_block_column et_pb_css_mix_blend_mode_passthrough preset--group--divi-column--divi-transition--default\"><div class=\"et_pb_accordion_1 et_pb_accordion et_pb_module et_block_module preset--group--divi-accordion--divi-transition--default\"><div class=\"et_pb_accordion_item_1 et_pb_accordion_item et_pb_toggle et_pb_module et_pb_toggle_open et_block_module preset--group--divi-accordion-item--divi-transition--default\"><h6 class=\"et_pb_toggle_title\">March<\/h6><div class=\"et_pb_toggle_content\"><ul>\n<li><span data-contrast=\"auto\">Production of the interactive infographic, <\/span><a href=\"\/?p=2313\" target=\"_blank\" rel=\"noopener\"><span data-contrast=\"none\">\u201cWhat Is a Caregiver? Would You Know One to See One?\u201d  <\/span><\/a><span data-ccp-props=\"{\">.<\/span><\/li>\n<li><span data-contrast=\"auto\">Release of<\/span> <a href=\"https:\/\/app.cyberimpact.com\/newsletter-view-online?ct=4PXL-CU4nhV_LD2zlolBrIZbxGSLnZKOuewarfaJecCKv8GpyzT57Fgy31NenNc4KysY5H5GbpnnroyhsrAuiw~~#English%20version\" target=\"_blank\" rel=\"noopener\"><span data-contrast=\"none\">Newsletter No. 2<\/span><\/a><span data-contrast=\"auto\">.<\/span> <span data-ccp-props=\"{\"> <\/span><\/li>\n<li><span data-contrast=\"auto\">Publication of the bilingual<\/span> <a href=\"\/?p=1625\" target=\"_blank\" rel=\"noopener\"><span data-contrast=\"none\">Fact Sheet: Financial Support for Caregivers<\/span><\/a><span data-contrast=\"auto\">, produced in concert with the Centre for Research and Expertise in Social Gerontology (CREG\u00c9S).<\/span><span data-ccp-props=\"{\"> <\/span><\/li>\n<li><span data-contrast=\"auto\">Online launch of the Observatory's first<\/span> <a href=\"https:\/\/observatoireprocheaidance.ca\/wp-content\/uploads\/2023\/05\/Activity-Report-2020-2022_OQPA_final.pdf\" target=\"_blank\" rel=\"noopener\"><span data-contrast=\"none\">activity report (2020-2022)<\/span><\/a><span data-contrast=\"auto\">.<\/span><\/li>\n<li><span data-contrast=\"auto\">Participation in the networking event <a href=\"https:\/\/www.lappui.org\/en\/i-am-a-professional\/journee-de-lappui-2023-presentation\/journee-de-lappui-2023-faits-saillants\/\" target=\"_blank\" rel=\"noopener\">Journ\u00e9e de l'Appui<\/a>.<\/span><\/li>\n<\/ul>\n<\/div><\/div><\/div><\/div><\/div><\/div><div class=\"et_pb_section_3 et_pb_section et_section_regular et_block_section preset--group--divi-section--divi-transition--default\"><div class=\"et_pb_row_3 et_pb_row et_block_row preset--group--divi-row--divi-transition--default\"><div class=\"et_pb_column_3 et_pb_column et_pb_column_4_4 et-last-child et_block_column et_pb_css_mix_blend_mode_passthrough preset--group--divi-column--divi-transition--default\"><div class=\"et_pb_accordion_2 et_pb_accordion et_pb_module et_block_module preset--group--divi-accordion--divi-transition--default\"><div class=\"et_pb_accordion_item_2 et_pb_accordion_item et_pb_toggle et_pb_module et_pb_toggle_open et_block_module preset--group--divi-accordion-item--divi-transition--default\"><h6 class=\"et_pb_toggle_title\">May<\/h6><div class=\"et_pb_toggle_content\"><ul>\n<li><span data-contrast=\"auto\">Presentation at the<\/span> <a href=\"\/?p=4133\" target=\"_blank\" rel=\"noopener\"><span data-contrast=\"none\">90th ACFAS Congress<\/span><\/a> <span data-contrast=\"auto\">as part of a seminar entitled \u201cReconna\u00eetre et soutenir les personnes proches aidantes en 2023 : \u00e9tat des lieux et regard vers le future\u201d.<\/span> <span data-ccp-props=\"{\"> <\/span><\/li>\n<\/ul>\n<\/div><\/div><\/div><\/div><\/div><\/div><div class=\"et_pb_section_4 et_pb_section et_section_regular et_block_section preset--group--divi-section--divi-transition--default\"><div class=\"et_pb_row_4 et_pb_row et_block_row preset--group--divi-row--divi-transition--default\"><div class=\"et_pb_column_4 et_pb_column et_pb_column_4_4 et-last-child et_block_column et_pb_css_mix_blend_mode_passthrough preset--group--divi-column--divi-transition--default\"><div class=\"et_pb_accordion_3 et_pb_accordion et_pb_module et_block_module preset--group--divi-accordion--divi-transition--default\"><div class=\"et_pb_accordion_item_3 et_pb_accordion_item et_pb_toggle et_pb_module et_pb_toggle_open et_block_module preset--group--divi-accordion-item--divi-transition--default\"><h6 class=\"et_pb_toggle_title\">June<\/h6><div class=\"et_pb_toggle_content\"><ul>\n<li><span data-contrast=\"auto\">Release of<\/span> <a href=\"https:\/\/app.cyberimpact.com\/newsletter-view-online?ct=GFxae3zXpKEJffab8Dir2BW0euce-MnHva-hqbxljmwoklAiRhlEEXhz_qjqrb_rtklg_FA_crxs7IKudm23WA~~#English%20version\" target=\"_blank\" rel=\"noopener\"><span data-contrast=\"none\">Newsletter No. 3<\/span><\/a><span data-contrast=\"auto\">.<\/span><span data-ccp-props=\"{\"> <\/span><\/li>\n<li><span data-contrast=\"auto\">Official launch of the<\/span> <a href=\"\/?page_id=3296\" target=\"_blank\" rel=\"noopener\"><span data-contrast=\"none\">Knowledge Portal<\/span><\/a><span data-contrast=\"auto\">, a cornerstone of the Observatory\u2019s mission to provide reliable and objective information about caregiving.<\/span><span data-ccp-props=\"{\"> <\/span><\/li>\n<li><a href=\"\/?p=3143\" target=\"_blank\" rel=\"noopener\"><span data-contrast=\"none\">Webinar on the caregivers of cancer patients<\/span><\/a> <span data-contrast=\"auto\">presented<\/span> <span data-contrast=\"auto\">with Sylvie Lambert and the Communaut\u00e9 de pratique Proche aidance.<\/span><span data-ccp-props=\"{\"> <\/span><\/li>\n<li><span data-contrast=\"auto\">Publication of the report <\/span><a href=\"\/?p=2899\" target=\"_blank\" rel=\"noopener\"><span data-contrast=\"none\">Who are Quebec\u2019s informal or family caregivers and what kinds of support do they provide? An age- and gender-based analysis <\/span><\/a><span data-ccp-props=\"{\">.<\/span><\/li>\n<\/ul>\n<\/div><\/div><\/div><\/div><\/div><\/div><div class=\"et_pb_section_5 et_pb_section et_section_regular et_block_section preset--group--divi-section--divi-transition--default\"><div class=\"et_pb_row_5 et_pb_row et_block_row preset--group--divi-row--divi-transition--default\"><div class=\"et_pb_column_5 et_pb_column et_pb_column_4_4 et-last-child et_block_column et_pb_css_mix_blend_mode_passthrough preset--group--divi-column--divi-transition--default\"><div class=\"et_pb_accordion_4 et_pb_accordion et_pb_module et_block_module preset--group--divi-accordion--divi-transition--default\"><div class=\"et_pb_accordion_item_4 et_pb_accordion_item et_pb_toggle et_pb_module et_pb_toggle_open et_block_module preset--group--divi-accordion-item--divi-transition--default\"><h6 class=\"et_pb_toggle_title\">September<\/h6><div class=\"et_pb_toggle_content\"><ul>\n<li><span data-contrast=\"auto\">Launch of the<\/span> <a href=\"https:\/\/ca.linkedin.com\/company\/observatoire-qu%C3%A9b%C3%A9cois-de-la-proche-aidance\" target=\"_blank\" rel=\"noopener\"><span data-contrast=\"none\">Observatory\u2019s LinkedIn page<\/span><\/a><span data-contrast=\"auto\">.<\/span><span data-ccp-props=\"{\"> <\/span><\/li>\n<\/ul>\n<\/div><\/div><\/div><\/div><\/div><\/div><div class=\"et_pb_section_6 et_pb_section et_section_regular et_block_section preset--group--divi-section--divi-transition--default\"><div class=\"et_pb_row_6 et_pb_row et_block_row preset--group--divi-row--divi-transition--default\"><div class=\"et_pb_column_6 et_pb_column et_pb_column_4_4 et-last-child et_block_column et_pb_css_mix_blend_mode_passthrough preset--group--divi-column--divi-transition--default\"><div class=\"et_pb_accordion_5 et_pb_accordion et_pb_module et_block_module preset--group--divi-accordion--divi-transition--default\"><div class=\"et_pb_accordion_item_5 et_pb_accordion_item et_pb_toggle et_pb_module et_pb_toggle_open et_block_module preset--group--divi-accordion-item--divi-transition--default\"><h6 class=\"et_pb_toggle_title\">October<\/h6><div class=\"et_pb_toggle_content\"><ul>\n<li><span data-contrast=\"auto\">Publication of a<\/span> <a href=\"\/?p=4656\" target=\"_blank\" rel=\"noopener\"><span data-contrast=\"none\">report on caregiver recognition<\/span><\/a> <span data-contrast=\"auto\">(currently in French only \u2014 English version coming soon) along with a<\/span> <a href=\"https:\/\/www.youtube.com\/watch?v=uzpTdYgnYRc\" target=\"_blank\" rel=\"noopener\"><span data-contrast=\"none\">webinar<\/span><\/a> <span data-contrast=\"auto\">presenting the highlights.<\/span><span data-ccp-props=\"{\"> <\/span><\/li>\n<li><span data-contrast=\"auto\">Online publication of the Observatory's second annual<\/span> <a href=\"https:\/\/observatoireprocheaidance.ca\/wp-content\/uploads\/2023\/10\/2023-10-18_Activity-Report-OQPA-22-23.pdf\" target=\"_blank\" rel=\"noopener\"><span data-contrast=\"none\">activity report (2022-2023)<\/span><\/a><span data-contrast=\"auto\">.<\/span> <span data-ccp-props=\"{\"> <\/span><\/li>\n<li><span data-contrast=\"auto\">Participation in the round table on young caregivers<\/span> <a href=\"https:\/\/amiquebec.org\/symposium\/\" target=\"_blank\" rel=\"noopener\"><span data-contrast=\"none\">(Symposium qu\u00e9b\u00e9cois sur les jeunes aidants)<\/span><\/a> <span data-contrast=\"auto\">organized by AMI-Qu\u00e9bec.<\/span> <span data-ccp-props=\"{\"> <\/span><\/li>\n<li><span data-contrast=\"auto\">Presentation and booth at the<\/span> <a href=\"https:\/\/www.msss.gouv.qc.ca\/professionnels\/proche-aidance\/journee-nationale-concertation-proche-aidance\/programmation\/\" target=\"_blank\" rel=\"noopener\"><span data-contrast=\"none\">Journ\u00e9e nationale de concertation en proche aidance<\/span><\/a><span data-contrast=\"auto\">, a multi-stakeholder forum organized by the Minist\u00e8re de la Sant\u00e9 et des services sociaux (MSSS).<\/span><\/li>\n<\/ul>\n<\/div><\/div><\/div><\/div><\/div><\/div><div class=\"et_pb_section_7 et_pb_section et_section_regular et_block_section preset--group--divi-section--divi-transition--default\"><div class=\"et_pb_row_7 et_pb_row et_block_row preset--group--divi-row--divi-transition--default\"><div class=\"et_pb_column_7 et_pb_column et_pb_column_4_4 et-last-child et_block_column et_pb_css_mix_blend_mode_passthrough preset--group--divi-column--divi-transition--default\"><div class=\"et_pb_accordion_6 et_pb_accordion et_pb_module et_block_module preset--group--divi-accordion--divi-transition--default\"><div class=\"et_pb_accordion_item_6 et_pb_accordion_item et_pb_toggle et_pb_module et_pb_toggle_open et_block_module preset--group--divi-accordion-item--divi-transition--default\"><h6 class=\"et_pb_toggle_title\">November<\/h6><div class=\"et_pb_toggle_content\"><ul>\n<li><span data-contrast=\"auto\">Release of<\/span> <a href=\"https:\/\/app.cyberimpact.com\/newsletter-view-online?ct=0VzCcRUCvxKoIxFM6Bwxck2-nmu697rIbLeL2ixrExQj01AcerPs0T0-lAskKgZFD4CgSYNQwxbA6UR2GCi-vQ~~\" target=\"_blank\" rel=\"noopener\"><span data-contrast=\"none\">Newsletter No. 4<\/span><\/a><span data-contrast=\"auto\">.<\/span><span data-ccp-props=\"{\"> <\/span><\/li>\n<li><span data-contrast=\"auto\">Launch of the<\/span> <a href=\"https:\/\/observatoireprocheaidance.ca\/en\/\" target=\"_blank\" rel=\"noopener\"><span data-contrast=\"none\">Observatory\u2019s English website<\/span><\/a><span data-ccp-props=\"{\">.<\/span><\/li>\n<li><span data-contrast=\"auto\">Presentation at the<\/span> <a href=\"https:\/\/canadiancaregivingsummit.ca\" target=\"_blank\" rel=\"noopener\"><span data-contrast=\"none\">Canadian Caregiving Summit<\/span><\/a><span data-contrast=\"auto\">, hosted by the Canadian Centre for Caregiving Excellence (CCCE)<\/span><span data-ccp-props=\"{\"> <\/span>\n<ul>\n<li><span data-contrast=\"auto\">Round table:<\/span> <a href=\"https:\/\/canadiancaregivingsummit.ca\/learning-from-quebec\/\" target=\"_blank\" rel=\"noopener\"><span data-contrast=\"none\">Learning from Quebec<\/span><\/a><span data-contrast=\"auto\"> <\/span><span data-ccp-props=\"{\"> <\/span><\/li>\n<li><span data-contrast=\"auto\">Round table:<\/span> <a href=\"https:\/\/canadiancaregivingsummit.ca\/policy-innovations-across-canada\/\" target=\"_blank\" rel=\"noopener\"><span data-contrast=\"none\">Policy innovations across Canada<\/span><\/a> <span data-ccp-props=\"{\"> <\/span><\/li>\n<\/ul>\n<\/li>\n<li><span data-contrast=\"auto\">Booth at<\/span> <a href=\"https:\/\/www.gaso.ca\/snppa2023\" target=\"_blank\" rel=\"noopener\"><span data-contrast=\"none\">Place aux proches aidant\u00b7e\u00b7s<\/span><\/a>, an event organized by the <span data-contrast=\"auto\">TCRPAM<\/span> (Table de concertation r\u00e9gionale sur les personnes proches aidantes de Montr\u00e9al).<span data-ccp-props=\"{\"> <\/span><\/li>\n<li><span data-contrast=\"auto\">Booth at<\/span> <a href=\"https:\/\/procheaidance.quebec\/wp-content\/uploads\/2023\/11\/snppa2023-forum-ciusss-mtl-en.pdf\" target=\"_blank\" rel=\"noopener\"><span data-contrast=\"none\">the National Caregivers Week forum<\/span><\/a> <span data-contrast=\"auto\">and<\/span> <a href=\"https:\/\/sherpa-recherche.com\/activites\/midis-sherpa\/conference-midi\/\" target=\"_blank\" rel=\"noopener\"><span data-contrast=\"none\">seminar<\/span><\/a> <span data-contrast=\"auto\">organized by the CIUSSS West-Central Montreal<\/span><span data-ccp-props=\"{\"> <\/span><\/li>\n<li><span data-contrast=\"auto\">Participation in<\/span> <a href=\"https:\/\/en.fondationemergence.org\/famillechoisie\" target=\"_blank\" rel=\"noopener\"><span data-contrast=\"none\">Rendez-Vous Famille Choisie<\/span><\/a><span data-contrast=\"auto\">, an event organized by the Fondation \u00c9mergence<\/span><span data-ccp-props=\"{\"> <\/span><\/li>\n<li><span data-contrast=\"auto\">Presentation at the half-day training session on gender-based analysis (ADS+) organized by the MSSS and Secr\u00e9tariat \u00e0 la Condition f\u00e9minine<\/span><span data-ccp-props=\"{\"> <\/span><\/li>\n<\/ul>\n<\/div><\/div><\/div><\/div><\/div><\/div><div class=\"et_pb_section_8 et_pb_section et_section_regular et_block_section preset--group--divi-section--divi-transition--default\"><div class=\"et_pb_row_8 et_pb_row et_block_row preset--group--divi-row--divi-transition--default\"><div class=\"et_pb_column_8 et_pb_column et_pb_column_4_4 et-last-child et_block_column et_pb_css_mix_blend_mode_passthrough preset--group--divi-column--divi-transition--default\"><div class=\"et_pb_accordion_7 et_pb_accordion et_pb_module et_block_module preset--group--divi-accordion--divi-transition--default\"><div class=\"et_pb_accordion_item_7 et_pb_accordion_item et_pb_toggle et_pb_module et_pb_toggle_open et_block_module preset--group--divi-accordion-item--divi-transition--default\"><h6 class=\"et_pb_toggle_title\">December<\/h6><div class=\"et_pb_toggle_content\"><ul>\n<li><span data-contrast=\"auto\">Publication of two infographics drawn from the report <\/span><a href=\"\/?p=2899\" target=\"_blank\" rel=\"noopener\"><span data-contrast=\"none\">Who are Quebec\u2019s informal or family caregivers and what kinds of support do they provide? An age- and gender-based analysis <\/span><\/a><span data-contrast=\"auto\"> .<\/span><span data-ccp-props=\"{\"> <\/span>\n<ul>\n<li><span data-contrast=\"auto\">For caregivers: <a href=\"https:\/\/observatoireprocheaidance.ca\/wp-content\/uploads\/2023\/12\/Infographie-Between-Work-Children-and-Aging-Parents-The-Challenges-of-Sandwich-Generation-Caregivers.pdf\" target=\"_blank\" rel=\"noopener\">Between Work, Children and Aging Parents: The Challenges of \u201cSandwich Generation\u201d<\/a> Caregivers<\/span><span data-ccp-props=\"{\"> <\/span><\/li>\n<li><span data-contrast=\"auto\">For professionals<\/span> <span data-contrast=\"none\">and<\/span> <span data-contrast=\"auto\">ot<\/span><span data-contrast=\"none\">her<\/span> <span data-contrast=\"auto\">stakeh<\/span><span data-contrast=\"none\">ol<\/span><span data-contrast=\"auto\">de<\/span><span data-contrast=\"none\">rs<\/span><span data-contrast=\"auto\">:<\/span> <span data-contrast=\"auto\"><a href=\"https:\/\/observatoireprocheaidance.ca\/wp-content\/uploads\/2023\/12\/Infographie-Toward-Better-Recognition-and-Support-A-Profile-of-Quebecs-Caregivers.pdf\" target=\"_blank\" rel=\"noopener\">Toward Better Recognition and Support: A Profile of Quebec\u2019s Caregivers<\/a><\/span> <\/li>\n<\/ul>\n<\/li>\n<\/ul>\n<\/div><\/div><\/div><\/div><\/div><\/div>\n","protected":false},"excerpt":{"rendered":"<p>We end 2023 with a look back at the Observatory\u2019s activities and achievements. <\/p>\n","protected":false},"author":11,"featured_media":5614,"comment_status":"closed","ping_status":"closed","sticky":false,"template":"","format":"standard","meta":{"_acf_changed":false,"footnotes":""},"categories":[6],"tags":[],"class_list":["post-5673","post","type-post","status-publish","format-standard","has-post-thumbnail","hentry","category-uncategorized"],"acf":[],"yoast_head":"<!-- This site is optimized with the Yoast SEO plugin v28.4 - https:\/\/yoast.com\/product\/yoast-seo-wordpress\/ -->\n<title>2023: an eventful year in terms of advancing knowledge about caregiving - Observatoireprocheaidance<\/title>\n<meta name=\"description\" content=\"We end 2023 with a look back at the Observatory\u2019s activities and achievements.\" \/>\n<meta name=\"robots\" content=\"index, follow, max-snippet:-1, max-image-preview:large, max-video-preview:-1\" \/>\n<link rel=\"canonical\" href=\"https:\/\/observatoireprocheaidance.ca\/en\/2023\/12\/21\/2023-an-eventful-year-in-terms-of-advancing-knowledge-about-caregiving\/\" \/>\n<meta property=\"og:locale\" content=\"en_US\" \/>\n<meta property=\"og:type\" content=\"article\" \/>\n<meta property=\"og:title\" content=\"2023: an eventful year in terms of advancing knowledge about caregiving - Observatoireprocheaidance\" \/>\n<meta property=\"og:description\" content=\"We end 2023 with a look back at the Observatory\u2019s activities and achievements.\" \/>\n<meta property=\"og:url\" content=\"https:\/\/observatoireprocheaidance.ca\/en\/2023\/12\/21\/2023-an-eventful-year-in-terms-of-advancing-knowledge-about-caregiving\/\" \/>\n<meta property=\"og:site_name\" content=\"Observatoireprocheaidance\" \/>\n<meta property=\"article:published_time\" content=\"2023-12-21T20:36:44+00:00\" \/>\n<meta property=\"article:modified_time\" content=\"2026-06-29T17:59:03+00:00\" \/>\n<meta property=\"og:image\" content=\"https:\/\/observatoireprocheaidance.ca\/wp-content\/uploads\/2023\/12\/Joyeux-temps-des-fetes-OQPA.png\" \/>\n\t<meta property=\"og:image:width\" content=\"800\" \/>\n\t<meta property=\"og:image:height\" content=\"500\" \/>\n\t<meta property=\"og:image:type\" content=\"image\/png\" \/>\n<meta name=\"author\" content=\"Observatoire qu\u00e9b\u00e9cois de la proche aidance\" \/>\n<meta name=\"twitter:card\" content=\"summary_large_image\" \/>\n<meta name=\"twitter:label1\" content=\"Written by\" \/>\n\t<meta name=\"twitter:data1\" content=\"Observatoire qu\u00e9b\u00e9cois de la proche aidance\" \/>\n<script type=\"application\/ld+json\" class=\"yoast-schema-graph\">{\"@context\":\"https:\\\/\\\/schema.org\",\"@graph\":[{\"@type\":\"Article\",\"@id\":\"https:\\\/\\\/observatoireprocheaidance.ca\\\/en\\\/2023\\\/12\\\/21\\\/2023-an-eventful-year-in-terms-of-advancing-knowledge-about-caregiving\\\/#article\",\"isPartOf\":{\"@id\":\"https:\\\/\\\/observatoireprocheaidance.ca\\\/en\\\/2023\\\/12\\\/21\\\/2023-an-eventful-year-in-terms-of-advancing-knowledge-about-caregiving\\\/\"},\"author\":{\"name\":\"Observatoire qu\u00e9b\u00e9cois de la proche aidance\",\"@id\":\"https:\\\/\\\/observatoireprocheaidance.ca\\\/en\\\/#\\\/schema\\\/person\\\/a3c7b0838d58491157abb1119f4db7e1\"},\"headline\":\"2023: an eventful year in terms of advancing knowledge about caregiving\",\"datePublished\":\"2023-12-21T20:36:44+00:00\",\"dateModified\":\"2026-06-29T17:59:03+00:00\",\"mainEntityOfPage\":{\"@id\":\"https:\\\/\\\/observatoireprocheaidance.ca\\\/en\\\/2023\\\/12\\\/21\\\/2023-an-eventful-year-in-terms-of-advancing-knowledge-about-caregiving\\\/\"},\"wordCount\":10,\"publisher\":{\"@id\":\"https:\\\/\\\/observatoireprocheaidance.ca\\\/en\\\/#organization\"},\"image\":{\"@id\":\"https:\\\/\\\/observatoireprocheaidance.ca\\\/en\\\/2023\\\/12\\\/21\\\/2023-an-eventful-year-in-terms-of-advancing-knowledge-about-caregiving\\\/#primaryimage\"},\"thumbnailUrl\":\"https:\\\/\\\/observatoireprocheaidance.ca\\\/wp-content\\\/uploads\\\/2023\\\/12\\\/Joyeux-temps-des-fetes-OQPA.png\",\"inLanguage\":\"en-US\"},{\"@type\":\"WebPage\",\"@id\":\"https:\\\/\\\/observatoireprocheaidance.ca\\\/en\\\/2023\\\/12\\\/21\\\/2023-an-eventful-year-in-terms-of-advancing-knowledge-about-caregiving\\\/\",\"url\":\"https:\\\/\\\/observatoireprocheaidance.ca\\\/en\\\/2023\\\/12\\\/21\\\/2023-an-eventful-year-in-terms-of-advancing-knowledge-about-caregiving\\\/\",\"name\":\"2023: an eventful year in terms of advancing knowledge about caregiving - Observatoireprocheaidance\",\"isPartOf\":{\"@id\":\"https:\\\/\\\/observatoireprocheaidance.ca\\\/en\\\/#website\"},\"primaryImageOfPage\":{\"@id\":\"https:\\\/\\\/observatoireprocheaidance.ca\\\/en\\\/2023\\\/12\\\/21\\\/2023-an-eventful-year-in-terms-of-advancing-knowledge-about-caregiving\\\/#primaryimage\"},\"image\":{\"@id\":\"https:\\\/\\\/observatoireprocheaidance.ca\\\/en\\\/2023\\\/12\\\/21\\\/2023-an-eventful-year-in-terms-of-advancing-knowledge-about-caregiving\\\/#primaryimage\"},\"thumbnailUrl\":\"https:\\\/\\\/observatoireprocheaidance.ca\\\/wp-content\\\/uploads\\\/2023\\\/12\\\/Joyeux-temps-des-fetes-OQPA.png\",\"datePublished\":\"2023-12-21T20:36:44+00:00\",\"dateModified\":\"2026-06-29T17:59:03+00:00\",\"description\":\"We end 2023 with a look back at the Observatory\u2019s activities and achievements.\",\"breadcrumb\":{\"@id\":\"https:\\\/\\\/observatoireprocheaidance.ca\\\/en\\\/2023\\\/12\\\/21\\\/2023-an-eventful-year-in-terms-of-advancing-knowledge-about-caregiving\\\/#breadcrumb\"},\"inLanguage\":\"en-US\",\"potentialAction\":[{\"@type\":\"ReadAction\",\"target\":[\"https:\\\/\\\/observatoireprocheaidance.ca\\\/en\\\/2023\\\/12\\\/21\\\/2023-an-eventful-year-in-terms-of-advancing-knowledge-about-caregiving\\\/\"]}]},{\"@type\":\"ImageObject\",\"inLanguage\":\"en-US\",\"@id\":\"https:\\\/\\\/observatoireprocheaidance.ca\\\/en\\\/2023\\\/12\\\/21\\\/2023-an-eventful-year-in-terms-of-advancing-knowledge-about-caregiving\\\/#primaryimage\",\"url\":\"https:\\\/\\\/observatoireprocheaidance.ca\\\/wp-content\\\/uploads\\\/2023\\\/12\\\/Joyeux-temps-des-fetes-OQPA.png\",\"contentUrl\":\"https:\\\/\\\/observatoireprocheaidance.ca\\\/wp-content\\\/uploads\\\/2023\\\/12\\\/Joyeux-temps-des-fetes-OQPA.png\",\"width\":800,\"height\":500},{\"@type\":\"BreadcrumbList\",\"@id\":\"https:\\\/\\\/observatoireprocheaidance.ca\\\/en\\\/2023\\\/12\\\/21\\\/2023-an-eventful-year-in-terms-of-advancing-knowledge-about-caregiving\\\/#breadcrumb\",\"itemListElement\":[{\"@type\":\"ListItem\",\"position\":1,\"name\":\"Accueil\",\"item\":\"https:\\\/\\\/observatoireprocheaidance.ca\\\/en\\\/\"},{\"@type\":\"ListItem\",\"position\":2,\"name\":\"2023: an eventful year in terms of advancing knowledge about caregiving\"}]},{\"@type\":\"WebSite\",\"@id\":\"https:\\\/\\\/observatoireprocheaidance.ca\\\/en\\\/#website\",\"url\":\"https:\\\/\\\/observatoireprocheaidance.ca\\\/en\\\/\",\"name\":\"Observatoireprocheaidance\",\"description\":\"\",\"publisher\":{\"@id\":\"https:\\\/\\\/observatoireprocheaidance.ca\\\/en\\\/#organization\"},\"potentialAction\":[{\"@type\":\"SearchAction\",\"target\":{\"@type\":\"EntryPoint\",\"urlTemplate\":\"https:\\\/\\\/observatoireprocheaidance.ca\\\/en\\\/?s={search_term_string}\"},\"query-input\":{\"@type\":\"PropertyValueSpecification\",\"valueRequired\":true,\"valueName\":\"search_term_string\"}}],\"inLanguage\":\"en-US\"},{\"@type\":\"Organization\",\"@id\":\"https:\\\/\\\/observatoireprocheaidance.ca\\\/en\\\/#organization\",\"name\":\"Observatoire Proche Aidance\",\"url\":\"https:\\\/\\\/observatoireprocheaidance.ca\\\/en\\\/\",\"logo\":{\"@type\":\"ImageObject\",\"inLanguage\":\"en-US\",\"@id\":\"https:\\\/\\\/observatoireprocheaidance.ca\\\/en\\\/#\\\/schema\\\/logo\\\/image\\\/\",\"url\":\"https:\\\/\\\/observatoireprocheaidance.ca\\\/wp-content\\\/uploads\\\/2022\\\/10\\\/Observatoire-de-la-proche-aidance_F-01.png\",\"contentUrl\":\"https:\\\/\\\/observatoireprocheaidance.ca\\\/wp-content\\\/uploads\\\/2022\\\/10\\\/Observatoire-de-la-proche-aidance_F-01.png\",\"width\":1327,\"height\":426,\"caption\":\"Observatoire Proche Aidance\"},\"image\":{\"@id\":\"https:\\\/\\\/observatoireprocheaidance.ca\\\/en\\\/#\\\/schema\\\/logo\\\/image\\\/\"}},{\"@type\":\"Person\",\"@id\":\"https:\\\/\\\/observatoireprocheaidance.ca\\\/en\\\/#\\\/schema\\\/person\\\/a3c7b0838d58491157abb1119f4db7e1\",\"name\":\"Observatoire qu\u00e9b\u00e9cois de la proche aidance\",\"url\":\"https:\\\/\\\/observatoireprocheaidance.ca\\\/en\\\/author\\\/observatoireprocheaidance\\\/\"}]}<\/script>\n<!-- \/ Yoast SEO plugin. -->","yoast_head_json":{"title":"2023: an eventful year in terms of advancing knowledge about caregiving - Observatoireprocheaidance","description":"We end 2023 with a look back at the Observatory\u2019s activities and achievements.","robots":{"index":"index","follow":"follow","max-snippet":"max-snippet:-1","max-image-preview":"max-image-preview:large","max-video-preview":"max-video-preview:-1"},"canonical":"https:\/\/observatoireprocheaidance.ca\/en\/2023\/12\/21\/2023-an-eventful-year-in-terms-of-advancing-knowledge-about-caregiving\/","og_locale":"en_US","og_type":"article","og_title":"2023: an eventful year in terms of advancing knowledge about caregiving - Observatoireprocheaidance","og_description":"We end 2023 with a look back at the Observatory\u2019s activities and achievements.","og_url":"https:\/\/observatoireprocheaidance.ca\/en\/2023\/12\/21\/2023-an-eventful-year-in-terms-of-advancing-knowledge-about-caregiving\/","og_site_name":"Observatoireprocheaidance","article_published_time":"2023-12-21T20:36:44+00:00","article_modified_time":"2026-06-29T17:59:03+00:00","og_image":[{"width":800,"height":500,"url":"https:\/\/observatoireprocheaidance.ca\/wp-content\/uploads\/2023\/12\/Joyeux-temps-des-fetes-OQPA.png","type":"image\/png"}],"author":"Observatoire qu\u00e9b\u00e9cois de la proche aidance","twitter_card":"summary_large_image","twitter_misc":{"Written by":"Observatoire qu\u00e9b\u00e9cois de la proche aidance"},"schema":{"@context":"https:\/\/schema.org","@graph":[{"@type":"Article","@id":"https:\/\/observatoireprocheaidance.ca\/en\/2023\/12\/21\/2023-an-eventful-year-in-terms-of-advancing-knowledge-about-caregiving\/#article","isPartOf":{"@id":"https:\/\/observatoireprocheaidance.ca\/en\/2023\/12\/21\/2023-an-eventful-year-in-terms-of-advancing-knowledge-about-caregiving\/"},"author":{"name":"Observatoire qu\u00e9b\u00e9cois de la proche aidance","@id":"https:\/\/observatoireprocheaidance.ca\/en\/#\/schema\/person\/a3c7b0838d58491157abb1119f4db7e1"},"headline":"2023: an eventful year in terms of advancing knowledge about caregiving","datePublished":"2023-12-21T20:36:44+00:00","dateModified":"2026-06-29T17:59:03+00:00","mainEntityOfPage":{"@id":"https:\/\/observatoireprocheaidance.ca\/en\/2023\/12\/21\/2023-an-eventful-year-in-terms-of-advancing-knowledge-about-caregiving\/"},"wordCount":10,"publisher":{"@id":"https:\/\/observatoireprocheaidance.ca\/en\/#organization"},"image":{"@id":"https:\/\/observatoireprocheaidance.ca\/en\/2023\/12\/21\/2023-an-eventful-year-in-terms-of-advancing-knowledge-about-caregiving\/#primaryimage"},"thumbnailUrl":"https:\/\/observatoireprocheaidance.ca\/wp-content\/uploads\/2023\/12\/Joyeux-temps-des-fetes-OQPA.png","inLanguage":"en-US"},{"@type":"WebPage","@id":"https:\/\/observatoireprocheaidance.ca\/en\/2023\/12\/21\/2023-an-eventful-year-in-terms-of-advancing-knowledge-about-caregiving\/","url":"https:\/\/observatoireprocheaidance.ca\/en\/2023\/12\/21\/2023-an-eventful-year-in-terms-of-advancing-knowledge-about-caregiving\/","name":"2023: an eventful year in terms of advancing knowledge about caregiving - Observatoireprocheaidance","isPartOf":{"@id":"https:\/\/observatoireprocheaidance.ca\/en\/#website"},"primaryImageOfPage":{"@id":"https:\/\/observatoireprocheaidance.ca\/en\/2023\/12\/21\/2023-an-eventful-year-in-terms-of-advancing-knowledge-about-caregiving\/#primaryimage"},"image":{"@id":"https:\/\/observatoireprocheaidance.ca\/en\/2023\/12\/21\/2023-an-eventful-year-in-terms-of-advancing-knowledge-about-caregiving\/#primaryimage"},"thumbnailUrl":"https:\/\/observatoireprocheaidance.ca\/wp-content\/uploads\/2023\/12\/Joyeux-temps-des-fetes-OQPA.png","datePublished":"2023-12-21T20:36:44+00:00","dateModified":"2026-06-29T17:59:03+00:00","description":"We end 2023 with a look back at the Observatory\u2019s activities and achievements.","breadcrumb":{"@id":"https:\/\/observatoireprocheaidance.ca\/en\/2023\/12\/21\/2023-an-eventful-year-in-terms-of-advancing-knowledge-about-caregiving\/#breadcrumb"},"inLanguage":"en-US","potentialAction":[{"@type":"ReadAction","target":["https:\/\/observatoireprocheaidance.ca\/en\/2023\/12\/21\/2023-an-eventful-year-in-terms-of-advancing-knowledge-about-caregiving\/"]}]},{"@type":"ImageObject","inLanguage":"en-US","@id":"https:\/\/observatoireprocheaidance.ca\/en\/2023\/12\/21\/2023-an-eventful-year-in-terms-of-advancing-knowledge-about-caregiving\/#primaryimage","url":"https:\/\/observatoireprocheaidance.ca\/wp-content\/uploads\/2023\/12\/Joyeux-temps-des-fetes-OQPA.png","contentUrl":"https:\/\/observatoireprocheaidance.ca\/wp-content\/uploads\/2023\/12\/Joyeux-temps-des-fetes-OQPA.png","width":800,"height":500},{"@type":"BreadcrumbList","@id":"https:\/\/observatoireprocheaidance.ca\/en\/2023\/12\/21\/2023-an-eventful-year-in-terms-of-advancing-knowledge-about-caregiving\/#breadcrumb","itemListElement":[{"@type":"ListItem","position":1,"name":"Accueil","item":"https:\/\/observatoireprocheaidance.ca\/en\/"},{"@type":"ListItem","position":2,"name":"2023: an eventful year in terms of advancing knowledge about caregiving"}]},{"@type":"WebSite","@id":"https:\/\/observatoireprocheaidance.ca\/en\/#website","url":"https:\/\/observatoireprocheaidance.ca\/en\/","name":"Observatoireprocheaidance","description":"","publisher":{"@id":"https:\/\/observatoireprocheaidance.ca\/en\/#organization"},"potentialAction":[{"@type":"SearchAction","target":{"@type":"EntryPoint","urlTemplate":"https:\/\/observatoireprocheaidance.ca\/en\/?s={search_term_string}"},"query-input":{"@type":"PropertyValueSpecification","valueRequired":true,"valueName":"search_term_string"}}],"inLanguage":"en-US"},{"@type":"Organization","@id":"https:\/\/observatoireprocheaidance.ca\/en\/#organization","name":"Observatoire Proche Aidance","url":"https:\/\/observatoireprocheaidance.ca\/en\/","logo":{"@type":"ImageObject","inLanguage":"en-US","@id":"https:\/\/observatoireprocheaidance.ca\/en\/#\/schema\/logo\/image\/","url":"https:\/\/observatoireprocheaidance.ca\/wp-content\/uploads\/2022\/10\/Observatoire-de-la-proche-aidance_F-01.png","contentUrl":"https:\/\/observatoireprocheaidance.ca\/wp-content\/uploads\/2022\/10\/Observatoire-de-la-proche-aidance_F-01.png","width":1327,"height":426,"caption":"Observatoire Proche Aidance"},"image":{"@id":"https:\/\/observatoireprocheaidance.ca\/en\/#\/schema\/logo\/image\/"}},{"@type":"Person","@id":"https:\/\/observatoireprocheaidance.ca\/en\/#\/schema\/person\/a3c7b0838d58491157abb1119f4db7e1","name":"Observatoire qu\u00e9b\u00e9cois de la proche aidance","url":"https:\/\/observatoireprocheaidance.ca\/en\/author\/observatoireprocheaidance\/"}]}},"_links":{"self":[{"href":"https:\/\/observatoireprocheaidance.ca\/en\/wp-json\/wp\/v2\/posts\/5673","targetHints":{"allow":["GET"]}}],"collection":[{"href":"https:\/\/observatoireprocheaidance.ca\/en\/wp-json\/wp\/v2\/posts"}],"about":[{"href":"https:\/\/observatoireprocheaidance.ca\/en\/wp-json\/wp\/v2\/types\/post"}],"author":[{"embeddable":true,"href":"https:\/\/observatoireprocheaidance.ca\/en\/wp-json\/wp\/v2\/users\/11"}],"replies":[{"embeddable":true,"href":"https:\/\/observatoireprocheaidance.ca\/en\/wp-json\/wp\/v2\/comments?post=5673"}],"version-history":[{"count":6,"href":"https:\/\/observatoireprocheaidance.ca\/en\/wp-json\/wp\/v2\/posts\/5673\/revisions"}],"predecessor-version":[{"id":24784,"href":"https:\/\/observatoireprocheaidance.ca\/en\/wp-json\/wp\/v2\/posts\/5673\/revisions\/24784"}],"wp:attachment":[{"href":"https:\/\/observatoireprocheaidance.ca\/en\/wp-json\/wp\/v2\/media?parent=5673"}],"wp:term":[{"taxonomy":"category","embeddable":true,"href":"https:\/\/observatoireprocheaidance.ca\/en\/wp-json\/wp\/v2\/categories?post=5673"},{"taxonomy":"post_tag","embeddable":true,"href":"https:\/\/observatoireprocheaidance.ca\/en\/wp-json\/wp\/v2\/tags?post=5673"}],"curies":[{"name":"wp","href":"https:\/\/api.w.org\/{rel}","templated":true}]}}